{"id":1687,"date":"2025-04-14T08:09:12","date_gmt":"2025-04-14T08:09:12","guid":{"rendered":"https:\/\/kurabotanica.com\/nicht-kategorisiert\/die-nationalitaeten-von-curacao\/"},"modified":"2025-05-08T10:07:51","modified_gmt":"2025-05-08T10:07:51","slug":"die-nationalitaeten-von-curacao","status":"publish","type":"post","link":"https:\/\/kurabotanica.com\/de\/curacao-de\/die-nationalitaeten-von-curacao\/","title":{"rendered":"Die Nationalit\u00e4ten auf Cura\u00e7ao"},"content":{"rendered":"<p>Mehr als 50 verschiedene Nationalit\u00e4ten sind auf Cura\u00e7ao vertreten, jede mit ihren eigenen einzigartigen Br\u00e4uchen und Traditionen. Obwohl Papiamentu, Niederl\u00e4ndisch und Englisch als Amtssprachen anerkannt sind, k\u00f6nnen Sie auch Spanisch oder eine der vielen anderen lokalen Sprachen h\u00f6ren. Im Laufe der Zeit sind Menschen aus aller Welt nach Cura\u00e7ao gekommen und haben ein lebhaftes und buntes kulturelles Durcheinander geschaffen.  <\/p>\n<p>Im Jahr 2023 werden rund 154.000 Menschen dieser Nationalit\u00e4ten auf Cura\u00e7ao leben. Sie haben also sehr unterschiedliche Hintergr\u00fcnde. Der Gro\u00dfteil der Bev\u00f6lkerung ist gemischt afrokreolischer und europ\u00e4ischer Abstammung. Einige Inselbewohner sind auch Ausl\u00e4nder aus L\u00e4ndern wie China, der Levante, Portugal, Surinam, der Dominikanischen Republik, Haiti und Kolumbien sowie von den britischen Westindischen Inseln. Die meisten Einwohner von Cura\u00e7ao sprechen Papiamentu als erste Sprache.    <\/p>\n<h2>Ein bisschen Geschichte von Cura\u00e7ao<\/h2>\n<p>Cura\u00e7ao wurde von Arawak-Indianern vom s\u00fcdamerikanischen Festland bewohnt. Sie wurde erstmals 1499 von Europ\u00e4ern besucht. Sie wurde von den Spaniern und sp\u00e4ter von den Niederl\u00e4ndern bewohnt, die sie zu einem wichtigen Handelszentrum f\u00fcr die Niederl\u00e4ndische Westindien-Kompanie machten. Die Spanier deportierten 1515 fast die gesamte indigene Bev\u00f6lkerung als Sklaven nach Hispaniola.   <\/p>\n<p>Die Niederl\u00e4nder waren auf der Insel deutlich im Vorteil, da sie einen der malerischsten Naturh\u00e4fen der Westindischen Inseln besa\u00dfen. Die Hauptstadt Willemstad liegt am Schottegat, einer riesigen, tiefen und nahezu geschlossenen Bucht an der S\u00fcdk\u00fcste der Insel. Der Zugang erfolgt \u00fcber einen Kanal, der als St. John\u2019s bekannt ist. Anna Bay und verl\u00e4uft durch eine Reihe von Riffen.   <\/p>\n<p>Die Niederl\u00e4nder lie\u00dfen sich urspr\u00fcnglich in der Karibik nieder, um Salz f\u00fcr ihren Heringshandel zu gewinnen. Die Jahre zwischen 1660 und 1700 waren bl\u00fchende Jahre f\u00fcr die Niederl\u00e4ndische Westindien-Kompanie; in dieser Zeit wurde der Sklavenhandel ausgeweitet und der Hafen von Cura\u00e7ao wurde f\u00fcr ausl\u00e4ndische Schiffe zug\u00e4nglich. Sowohl f\u00fcr die Einfuhr von Lebensmitteln als auch f\u00fcr den Versand von Waren, die auf s\u00fcdamerikanischen Plantagen angebaut werden.  <\/p>\n<p>Cura\u00e7ao war eines der sechs von den Niederl\u00e4ndischen Antillen abh\u00e4ngigen Territorien, die 1845 unter einer Regierung vereinigt wurden. Im Jahr 1954 wurden die Kolonien zu den Niederl\u00e4ndischen Antillen umstrukturiert und erhielten innenpolitische Unabh\u00e4ngigkeit. <\/p>\n<h2>Ehemalige Niederl\u00e4ndische Antillen<\/h2>\n<p>Seit der Aufl\u00f6sung der Niederl\u00e4ndischen Antillen am 10. Oktober 2010 fungiert Cura\u00e7ao als souver\u00e4ner Staat innerhalb der Niederlande. Die Niederlande (zusammen mit den Sondergemeinden Saba, Sint Eustatius und Bonaire), Aruba, Sint Maarten und Cura\u00e7ao bilden die vier modernen Mitgliedsstaaten des K\u00f6nigreichs. Heute nennen wir es die ehemaligen Niederl\u00e4ndischen Antillen.  <\/p>\n<p><img decoding=\"async\" class=\"size-medium wp-image-569 aligncenter\" src=\"https:\/\/kurabotanica.com\/wp-content\/uploads\/2025\/04\/netherlands-antilles-map-scaled-1-291x400.webp\" alt=\"netherlands antilles map scaled\" width=\"291\" height=\"400\" srcset=\"https:\/\/kurabotanica.com\/wp-content\/uploads\/2025\/04\/netherlands-antilles-map-scaled-1-291x400.webp 291w, https:\/\/kurabotanica.com\/wp-content\/uploads\/2025\/04\/netherlands-antilles-map-scaled-1-582x800.webp 582w, https:\/\/kurabotanica.com\/wp-content\/uploads\/2025\/04\/netherlands-antilles-map-scaled-1-768x1056.webp 768w, https:\/\/kurabotanica.com\/wp-content\/uploads\/2025\/04\/netherlands-antilles-map-scaled-1-1117x1536.webp 1117w, https:\/\/kurabotanica.com\/wp-content\/uploads\/2025\/04\/netherlands-antilles-map-scaled-1.webp 1455w\" sizes=\"(max-width: 291px) 100vw, 291px\" \/><\/p>\n<h2>Multikulturelle Gesellschaft in Cura\u00e7ao<\/h2>\n<p>Die multikulturelle Gesellschaft, die sich aus den verschiedenen Nationalit\u00e4ten auf Cura\u00e7ao ergibt, ist verantwortlich f\u00fcr eine Vielzahl von Stilen in der faszinierenden Musik, K\u00fcche und Kunst. Das macht Cura\u00e7ao so bunt und fr\u00f6hlich. Im Folgenden wird nur ein kurzer \u00dcberblick \u00fcber die verschiedenen multikulturellen Komponenten der Insel gegeben. Es gibt noch viel mehr zu erz\u00e4hlen.   <\/p>\n<h3>Musik &amp; Tanz<\/h3>\n<p>Cura\u00e7ao ist voll von Tanz und Musik. Typische Walzer, T\u00e4nze, Mazurken und ein Stil, der nach den begleitenden Conga-Trommeln Tumba genannt wird, sind in der Musik von Cura\u00e7ao zu h\u00f6ren. Die Tumba ist die bekannteste Musikrichtung der Insel. Der Name \u201eTumba\u201c bezeichnet eine besondere Art von Rhythmus mit afrikanischen Einfl\u00fcssen. In den lokalen Bars werden h\u00e4ufig Salsa, Samba und Merengue getanzt.    <\/p>\n<h2>Art<\/h2>\n<p>Cura\u00e7ao beherbergt nicht nur farbenfrohe H\u00e4user im karibischen Stil, sondern auch eine sehr lebendige Kunstkultur, die die verschiedenen Nationalit\u00e4ten nach Cura\u00e7ao gebracht haben. Ein Regenbogen von Farbt\u00f6nen in allen Formen und Gr\u00f6\u00dfen erwartet Sie. Im Stadtteil Punda k\u00f6nnen Sie zum Beispiel an mehreren Stellen Kunstgalerien entdecken. Geben Sie sich der karibischen Leidenschaft hin, die die Stra\u00dfen f\u00fcllt und Sie mitrei\u00dft. Entdecken Sie unter anderem das echte Cura\u00e7ao und die pulsierende Street-Art-Szene hier. Die Stra\u00dfen von Punda, Otrobanda, Pietermaai und Scharloo sind mit \u00f6ffentlichen Wandmalereien von lokalen und internationalen K\u00fcnstlern geschm\u00fcckt, die diese Viertel in wahre Freilichtmuseen verwandeln. Auch in anderen Teilen der Insel finden Sie sch\u00f6ne Werke und Galerien.      <\/p>\n<p><img decoding=\"async\" class=\"size-medium wp-image-572 aligncenter\" src=\"https:\/\/kurabotanica.com\/wp-content\/uploads\/2025\/04\/otrobanda-kura-botanica-curacao-221-600x400.webp\" alt=\"otrobanda kura botanica curacao 221\" width=\"600\" height=\"400\" srcset=\"https:\/\/kurabotanica.com\/wp-content\/uploads\/2025\/04\/otrobanda-kura-botanica-curacao-221-600x400.webp 600w, https:\/\/kurabotanica.com\/wp-content\/uploads\/2025\/04\/otrobanda-kura-botanica-curacao-221-1200x800.webp 1200w, https:\/\/kurabotanica.com\/wp-content\/uploads\/2025\/04\/otrobanda-kura-botanica-curacao-221-768x512.webp 768w, https:\/\/kurabotanica.com\/wp-content\/uploads\/2025\/04\/otrobanda-kura-botanica-curacao-221.webp 1280w\" sizes=\"(max-width: 600px) 100vw, 600px\" \/><\/p>\n<h2>Cura\u00e7ao kochen<\/h2>\n<p>Menschen aus Spanien, den Niederlanden, Afrika, Indonesien, Indien, Venezuela und Portugal sind einige der Nationalit\u00e4ten, die auf Cura\u00e7ao leben. Jede Gruppe brachte einzigartige kulinarische Traditionen, Fertigkeiten und Gew\u00fcrze mit. So ist eine lebendige K\u00fcche entstanden.  <\/p>\n<p>Snack Cura\u00e7ao pastechis (Pasteten), arepa di pampuna (K\u00fcrbispfannkuchen) oder keshi yena (K\u00e4seb\u00e4llchen). Essen Sie mittags Karni Stoba (Eintopf), Huhn mit Batata (Kartoffeln) oder Moro (gemischter Reis) oder probieren Sie Leguan-Eintopf, eine lokale Spezialit\u00e4t. Um Ihren Durst zu l\u00f6schen, empfehlen wir einen awa di lamunchi oder einen batido (Fruchtshake). Vergessen Sie nicht, mit einem Cocktail mit Blue-Cura\u00e7ao-Lik\u00f6r anzusto\u00dfen.   <\/p>\n<h3>Karneval<\/h3>\n<p>Wenn es um Feste geht, ist der Karneval auf Cura\u00e7ao die Kr\u00f6nung. Das Fest beginnt zwei Monate vor der Fastenzeit und dauert bis zur letzten Woche. Es gibt keinen festen Termin f\u00fcr das Karnevalsfest. Den ganzen Februar \u00fcber feiern Menschen fast aller Nationalit\u00e4ten auf Cura\u00e7ao den Karneval mit verschiedenen Umz\u00fcgen. Auf die Gro\u00dfe Abschiedsparade folgt die Pferdeparade, dann die Kinderparade, die Jugendparade und schlie\u00dflich der Gro\u00dfe Marsch. Mit anderen Worten: eine gro\u00dfe Party!     <\/p>\n<p>Dar\u00fcber hinaus werden zwischen den Paraden mehrere Jump Ups und Jump Ins stattfinden. Jump Up ist eigentlich eine n\u00e4chtliche Parade, an der jeder gegen eine geringe Geb\u00fchr teilnehmen kann und bei der keine aufwendigen Kost\u00fcme getragen werden. Stattdessen erhalten die Teilnehmer ein Hemd, das sie auf ihre eigene Weise verzieren k\u00f6nnen. Jump Ins hingegen finden an einem Partyort statt. Man kann es als ein Karnevalsfest bezeichnen, bei dem nur die Tumba gespielt wird.    <\/p>\n<h2>Papiamentu<\/h2>\n<p>Der Begriff papia, der \u201esprechen\u201c bedeutet, ist der Ursprung des Namens Papiamentu.<\/p>\n<p>Lernen Sie ein paar dieser W\u00f6rter vor Ihrer Reise nach Cura\u00e7ao. Die Bem\u00fchungen der Touristen, Papiamentu zu sprechen, werden von den Einheimischen sehr gesch\u00e4tzt. Sie k\u00f6nnen auch mit Niederl\u00e4ndisch auskommen. Hier sind ein paar Worte, mit denen Sie zumindest einen interessierten Eindruck machen k\u00f6nnen.   <\/p>\n<div class=\"video video-fit mb\" style=\"padding-top:56.25%;\"><p><iframe title=\"Learn Papiamento - Lesson #1 - Introducing Yourself\" width=\"1020\" height=\"765\" src=\"https:\/\/www.youtube.com\/embed\/yqX_Xrt8HSQ?feature=oembed\" frameborder=\"0\" allow=\"accelerometer; autoplay; clipboard-write; encrypted-media; gyroscope; picture-in-picture; web-share\" referrerpolicy=\"strict-origin-when-cross-origin\" allowfullscreen><\/iframe><\/p>\n<\/div>\n<p>Englisch = Papiamentu<\/p>\n<p>Willkommen = Bon Bini<\/p>\n<p>Guten Morgen = Bon dia<\/p>\n<p>Guten Tag = Bon tardi<\/p>\n<p>Guten Abend = Bon nochi<\/p>\n<p>Sch\u00f6ne Woche = Bon siman (am Sonntag und Montag)<\/p>\n<p>Frohes Wochenende = Bon wikent<\/p>\n<p>Auf Wiedersehen = Ayo<\/p>\n<p>Bis zum n\u00e4chsten Mal = Te otro bia<\/p>\n<p>Auf Wiedersehen = Te akiratu<\/p>\n<p>Auf Wiedersehen = Te awero<\/p>\n<p>Bis morgen = Te ma\u00f1an<\/p>\n<div class=\"row align-middle align-center\"  id=\"row-2085886153\">\n\n\n\t<div id=\"col-333563729\" class=\"col medium-12 small-12 large-12\"  >\n\t\t\t\t<div class=\"col-inner\" style=\"background-color:rgb(242, 242, 242);\" >\n\t\t\t\n\t\t\t\n\n<div class=\"row row-collapse align-middle\"  id=\"row-1547809419\">\n\n\n\t<div id=\"col-1046393040\" class=\"col medium-12 small-12 large-6 medium-col-first\"  >\n\t\t\t\t<div class=\"col-inner text-center\"  >\n\t\t\t\n\t\t\t\n\n\t<div class=\"img has-hover x md-x lg-x y md-y lg-y\" id=\"image_1231282117\">\n\t\t\t\t\t\t\t\t<div class=\"img-inner image-cover dark\" style=\"padding-top:100%;\">\n\t\t\t<img decoding=\"async\" width=\"1075\" height=\"650\" src=\"https:\/\/kurabotanica.com\/wp-content\/uploads\/2025\/04\/Carousel-Kura-Botanica-2.webp\" class=\"attachment-original size-original\" alt=\"\" srcset=\"https:\/\/kurabotanica.com\/wp-content\/uploads\/2025\/04\/Carousel-Kura-Botanica-2.webp 1075w, https:\/\/kurabotanica.com\/wp-content\/uploads\/2025\/04\/Carousel-Kura-Botanica-2-662x400.webp 662w, https:\/\/kurabotanica.com\/wp-content\/uploads\/2025\/04\/Carousel-Kura-Botanica-2-768x464.webp 768w\" sizes=\"(max-width: 1075px) 100vw, 1075px\" \/>\t\t\t\t\t\t\n\t\t\t\t\t<\/div>\n\t\t\t\t\t\t\t\t\n<style>\n#image_1231282117 {\n  width: 100%;\n}\n@media (min-width:850px) {\n  #image_1231282117 {\n    width: 100%;\n  }\n}\n<\/style>\n\t<\/div>\n\t\n\n\n\t\t<\/div>\n\t\t\t\t\t<\/div>\n\n\t\n\n\t<div id=\"col-854820004\" class=\"col medium-12 small-12 large-6 small-col-first\"  >\n\t\t\t\t<div class=\"col-inner text-center\"  >\n\t\t\t\n\t\t\t\n\n\t<div id=\"text-1280854377\" class=\"text\">\n\t\t\n\n<h3>Erleben Sie die Essenz von Cura\u00e7ao bei Kura Botanica<\/h3>\n\t\t\n<style>\n#text-1280854377 {\n  font-size: 1.65rem;\n  line-height: 1.4;\n}\n@media (min-width:550px) {\n  #text-1280854377 {\n    font-size: 1.5rem;\n  }\n}\n<\/style>\n\t<\/div>\n\t\n\t<div id=\"text-642074116\" class=\"text\">\n\t\t\n\n<p>Dieses Anwesen, das sich \u00fcber ein Gebiet von acht H\u00e4userblocks erstreckt, bietet ein einzigartiges Luxuserlebnis in einem botanischen und ruhigen R\u00fcckzugsort, der absolute Privatsph\u00e4re und Intimit\u00e4t bietet.<\/p>\n\t\t\n<style>\n#text-642074116 {\n  font-size: 1rem;\n}\n<\/style>\n\t<\/div>\n\t\n\t<div id=\"gap-807056239\" class=\"gap-element clearfix\" style=\"display:block; height:auto;\">\n\t\t\n<style>\n#gap-807056239 {\n  padding-top: 10px;\n}\n<\/style>\n\t<\/div>\n\t\n\n<button data-clock-pms-wbe-button=\"\" class=\"button primary expand\" rel=\"noopener\" style=\"border-radius:99px;padding:0px 0px 0px 20px; font-family:'New Spirit',sans-serif;\">\n<span>Verf\u00fcgbarkeit pr\u00fcfen<\/span><\/button>\n\n\n\t\t<\/div>\n\t\t\t\t\n<style>\n#col-854820004 > .col-inner {\n  padding: 20px 7% 20px 7%;\n  margin: 0px 0px 0px 0px;\n}\n@media (min-width:550px) {\n  #col-854820004 > .col-inner {\n    padding: 40px 10% 40px 10%;\n  }\n}\n@media (min-width:850px) {\n  #col-854820004 > .col-inner {\n    padding: 30px 10% 30px 10%;\n  }\n}\n<\/style>\n\t<\/div>\n\n\t\n\n<\/div>\n\n\t\t<\/div>\n\t\t\t\t\t<\/div>\n\n\t\n\n\n<style>\n#row-2085886153 > .col > .col-inner {\n  background-color: rgba(191, 154, 120, 0.2);\n}\n<\/style>\n<\/div>\n","protected":false},"excerpt":{"rendered":"<p>Mehr als 50 verschiedene Nationalit\u00e4ten sind auf Cura\u00e7ao vertreten, jede mit ihren eigenen einzigartigen Br\u00e4uchen und Traditionen. Obwohl Papiamentu, Niederl\u00e4ndisch und Englisch als Amtssprachen anerkannt sind, k\u00f6nnen Sie auch Spanisch oder eine der vielen anderen lokalen Sprachen h\u00f6ren. Im Laufe der Zeit sind Menschen aus aller Welt nach Cura\u00e7ao gekommen und haben ein lebhaftes und [&#8230;]\n","protected":false},"author":2,"featured_media":567,"comment_status":"closed","ping_status":"closed","sticky":false,"template":"","format":"standard","meta":{"footnotes":""},"categories":[28],"tags":[],"class_list":["post-1687","post","type-post","status-publish","format-standard","has-post-thumbnail","hentry","category-curacao-de"],"_links":{"self":[{"href":"https:\/\/kurabotanica.com\/de\/wp-json\/wp\/v2\/posts\/1687","targetHints":{"allow":["GET"]}}],"collection":[{"href":"https:\/\/kurabotanica.com\/de\/wp-json\/wp\/v2\/posts"}],"about":[{"href":"https:\/\/kurabotanica.com\/de\/wp-json\/wp\/v2\/types\/post"}],"author":[{"embeddable":true,"href":"https:\/\/kurabotanica.com\/de\/wp-json\/wp\/v2\/users\/2"}],"replies":[{"embeddable":true,"href":"https:\/\/kurabotanica.com\/de\/wp-json\/wp\/v2\/comments?post=1687"}],"version-history":[{"count":0,"href":"https:\/\/kurabotanica.com\/de\/wp-json\/wp\/v2\/posts\/1687\/revisions"}],"wp:featuredmedia":[{"embeddable":true,"href":"https:\/\/kurabotanica.com\/de\/wp-json\/wp\/v2\/media\/567"}],"wp:attachment":[{"href":"https:\/\/kurabotanica.com\/de\/wp-json\/wp\/v2\/media?parent=1687"}],"wp:term":[{"taxonomy":"category","embeddable":true,"href":"https:\/\/kurabotanica.com\/de\/wp-json\/wp\/v2\/categories?post=1687"},{"taxonomy":"post_tag","embeddable":true,"href":"https:\/\/kurabotanica.com\/de\/wp-json\/wp\/v2\/tags?post=1687"}],"curies":[{"name":"wp","href":"https:\/\/api.w.org\/{rel}","templated":true}]}}