{"id":1311,"date":"2025-04-14T08:09:12","date_gmt":"2025-04-14T08:09:12","guid":{"rendered":"https:\/\/kurabotanica.com\/sin-categoria\/las-nacionalidades-de-curacao\/"},"modified":"2025-05-08T09:30:56","modified_gmt":"2025-05-08T09:30:56","slug":"nacionalidades-de-curacao","status":"publish","type":"post","link":"https:\/\/kurabotanica.com\/es\/curacao-es\/nacionalidades-de-curacao\/","title":{"rendered":"Las Nacionalidades de Curacao"},"content":{"rendered":"<p>En Curacao est\u00e1n representadas m\u00e1s de 50 nacionalidades diferentes, cada una con sus propias costumbres y tradiciones. Aunque el papiamento, el neerland\u00e9s y el ingl\u00e9s est\u00e1n reconocidos como lenguas oficiales, es posible que tambi\u00e9n oiga espa\u00f1ol o alguna de las muchas otras lenguas locales. Personas de todo el mundo han llegado a Curacao a lo largo del tiempo, creando un batiburrillo cultural vibrante y colorista.<\/p>\n<p>Alrededor de 154.000 personas de estas nacionalidades en Curacao llamar\u00e1n a la isla su hogar en 2023. As\u00ed que tienen antecedentes muy diversos. La mayor\u00eda de la poblaci\u00f3n es de ascendencia mixta afro-criolla y europea. Algunos isle\u00f1os son tambi\u00e9n extranjeros procedentes de lugares como China, Levante, Portugal, Surinam, Rep\u00fablica Dominicana, Hait\u00ed y Colombia, as\u00ed como de las Antillas brit\u00e1nicas. La mayor\u00eda de los curazole\u00f1os hablan papiamento como lengua materna.<\/p>\n<h2>Un Poco de Historia de Curacao<\/h2>\n<p>Curacao estuvo habitada por indios arawak procedentes de Sudam\u00e9rica continental. Los europeos la visitaron por primera vez en 1499. Fue habitada por los espa\u00f1oles y m\u00e1s tarde por los holandeses, que la establecieron como un importante centro comercial para la Compa\u00f1\u00eda Holandesa de las Indias Occidentales. Los espa\u00f1oles deportaron a casi toda la poblaci\u00f3n ind\u00edgena como esclavos a La Espa\u00f1ola en 1515.<\/p>\n<p>Los holandeses ten\u00edan una clara ventaja en la isla por la presencia de uno de los puertos naturales m\u00e1s pintorescos de las Antillas. La capital, Willemstad, est\u00e1 situada en Schottegat, una bah\u00eda enorme, profunda y pr\u00e1cticamente cerrada en la costa sur de la isla. Ofrece acceso a trav\u00e9s de un canal conocido como St. Anna Bay y atravesando una serie de arrecifes.<\/p>\n<p>Los holandeses se asentaron originalmente en el Caribe en busca de sal para su comercio de arenques. Los a\u00f1os comprendidos entre 1660 y 1700 fueron pr\u00f3speros para la Compa\u00f1\u00eda Holandesa de las Indias Occidentales; durante esta \u00e9poca, el comercio de esclavos se expandi\u00f3 y el puerto de Curacao qued\u00f3 a disposici\u00f3n de los barcos extranjeros. Tanto para importar alimentos como para enviar mercanc\u00edas cultivadas en plantaciones sudamericanas.<\/p>\n<p>Curacao era uno de los seis territorios dependientes de las Antillas Neerlandesas unidos bajo un mismo gobierno en 1845. En 1954, las colonias se reestructuraron en las Antillas Holandesas y obtuvieron la independencia en asuntos internos.<\/p>\n<h2>Antiguas Antillas Neerlandesas<\/h2>\n<p>Desde la disoluci\u00f3n de las <a href=\"https:\/\/en.wikipedia.org\/wiki\/Netherlands_Antilles\" target=\"_blank\" rel=\"noopener\">Antillas Neerlandesas<\/a> el 10 de octubre de 2010, Curacao funciona como Estado soberano dentro de los Pa\u00edses Bajos. Los Pa\u00edses Bajos (junto con los municipios especiales de Saba, San Eustaquio y Bonaire), Aruba, San Mart\u00edn y Curacao forman los cuatro Estados miembros modernos que componen el Reino. Hoy la llamamos las antiguas Antillas Neerlandesas.<\/p>\n<p><img decoding=\"async\" class=\"size-medium wp-image-569 aligncenter\" src=\"https:\/\/kurabotanica.com\/wp-content\/uploads\/2025\/04\/netherlands-antilles-map-scaled-1-291x400.webp\" alt=\"netherlands antilles map scaled\" width=\"291\" height=\"400\" srcset=\"https:\/\/kurabotanica.com\/wp-content\/uploads\/2025\/04\/netherlands-antilles-map-scaled-1-291x400.webp 291w, https:\/\/kurabotanica.com\/wp-content\/uploads\/2025\/04\/netherlands-antilles-map-scaled-1-582x800.webp 582w, https:\/\/kurabotanica.com\/wp-content\/uploads\/2025\/04\/netherlands-antilles-map-scaled-1-768x1056.webp 768w, https:\/\/kurabotanica.com\/wp-content\/uploads\/2025\/04\/netherlands-antilles-map-scaled-1-1117x1536.webp 1117w, https:\/\/kurabotanica.com\/wp-content\/uploads\/2025\/04\/netherlands-antilles-map-scaled-1.webp 1455w\" sizes=\"(max-width: 291px) 100vw, 291px\" \/><\/p>\n<h2>Sociedad multicultural en Curacao<\/h2>\n<p>La sociedad multicultural resultante de las distintas nacionalidades de Curacao es responsable de una variedad de estilos en m\u00fasica, cocina y arte fascinante. Esto es lo que hace que Curacao sea tan colorida y brillante. Lo que sigue es s\u00f3lo un breve resumen de los diversos componentes multiculturales de la isla. Hay mucho m\u00e1s que contar.<\/p>\n<h3>M\u00fasica y Danza<\/h3>\n<p>Curacao est\u00e1 llena de baile y m\u00fasica. En la m\u00fasica de Curacao se pueden escuchar valses t\u00edpicos, danzas, mazurcas y un estilo llamado tumba, por los tambores conga que la acompa\u00f1an. La tumba es el estilo musical m\u00e1s conocido de la isla. El nombre \u00abTumba\u00bb se utiliza para describir un tipo particular de ritmo con influencias africanas. En los bares locales se baila salsa, samba y merengue.<\/p>\n<h2>Arte<\/h2>\n<p>Curacao no s\u00f3lo alberga casas de vivos colores de estilo caribe\u00f1o, sino tambi\u00e9n una cultura art\u00edstica considerablemente vibrante que las nacionalidades han tra\u00eddo a Curacao. Un arco iris de tonalidades te espera en todas las formas y tama\u00f1os. En el distrito de Punda, por ejemplo, se pueden descubrir galer\u00edas de arte en varios lugares. R\u00edndete a la pasi\u00f3n caribe\u00f1a que llena las calles y te transporta. Descubra, entre otras cosas, la aut\u00e9ntica Curacao y su vibrante escena de Street Art. Las calles de Punda, Otrobanda, Pietermaai y Scharloo est\u00e1n repletas de murales p\u00fablicos de artistas locales e internacionales, que convierten estos barrios en verdaderos museos al aire libre. Tambi\u00e9n encontrar\u00e1 bellas obras y galer\u00edas en otras partes de la isla.<\/p>\n<p><img decoding=\"async\" class=\"size-medium wp-image-572 aligncenter\" src=\"https:\/\/kurabotanica.com\/wp-content\/uploads\/2025\/04\/otrobanda-kura-botanica-curacao-221-600x400.webp\" alt=\"otrobanda kura botanica curacao 221\" width=\"600\" height=\"400\" srcset=\"https:\/\/kurabotanica.com\/wp-content\/uploads\/2025\/04\/otrobanda-kura-botanica-curacao-221-600x400.webp 600w, https:\/\/kurabotanica.com\/wp-content\/uploads\/2025\/04\/otrobanda-kura-botanica-curacao-221-1200x800.webp 1200w, https:\/\/kurabotanica.com\/wp-content\/uploads\/2025\/04\/otrobanda-kura-botanica-curacao-221-768x512.webp 768w, https:\/\/kurabotanica.com\/wp-content\/uploads\/2025\/04\/otrobanda-kura-botanica-curacao-221.webp 1280w\" sizes=\"(max-width: 600px) 100vw, 600px\" \/><\/p>\n<h2>Cocina de Curacao<\/h2>\n<p>Espa\u00f1oles, holandeses, africanos, indonesios, indios, venezolanos y portugueses son algunas de las nacionalidades que viven en Curacao. Cada grupo aport\u00f3 tradiciones culinarias, habilidades y especias \u00fanicas. Esto ha creado una cocina vibrante.<\/p>\n<p>Merienda pastechis (empanadillas), arepa di pampuna (tortita de calabaza) o keshi yena (bolitas de queso). Almuerce karni stoba (estofado), pollo con batata (patata) o moro (arroz mixto) o pruebe el estofado de iguana, una especialidad local. Para calmar la sed, le recomendamos un awa di lamunchi o un batido. Sobre todo, no olvide brindar con un c\u00f3ctel con licor Blue Curacao.<\/p>\n<h3>Carnaval<\/h3>\n<p>Cuando se trata de celebraciones, el carnaval de Curacao se lleva la palma. La celebraci\u00f3n comienza dos meses antes de Cuaresma y dura hasta la \u00faltima semana. No hay fecha fija para la fiesta de carnaval. Durante todo el mes de febrero, habitantes de casi todas las nacionalidades de Curacao celebran el Carnaval con diversos desfiles. Al Gran Desfile de Despedida le sigue el Desfile de Caballos, a continuaci\u00f3n el Desfile Infantil, el Desfile de Adolescentes y, por \u00faltimo, la Gran Marcha. En otras palabras, \u00a1una gran fiesta!<\/p>\n<p>Adem\u00e1s, se celebrar\u00e1n varios Jump Ups y Jump Ins entre los d\u00edas de desfiles. Jump Up es en realidad un desfile nocturno en el que cualquiera puede participar por un m\u00f3dico precio y en el que no se llevan disfraces muy elaborados. En su lugar, se entrega a los participantes una camiseta para que la decoren a su manera. Los Jump Ins, en cambio, tienen lugar en un local de fiesta. Se puede describir como una fiesta de carnaval en la que la Tumba es la \u00fanica m\u00fasica que se toca.<\/p>\n<h2>Papiamento<\/h2>\n<p>El t\u00e9rmino papia, que significa \u00abhablar\u00bb, es de donde procede el nombre papiamento.<\/p>\n<p>Aprenda algunas de estas palabras antes de su viaje a Curacao. Los esfuerzos de los turistas por hablar papiamento son muy apreciados por los lugare\u00f1os. Tambi\u00e9n puedes arregl\u00e1rtelas con el neerland\u00e9s. He aqu\u00ed algunas palabras que puede utilizar al menos para causar una impresi\u00f3n interesada.<\/p>\n<div class=\"video video-fit mb\" style=\"padding-top:56.25%;\"><p><iframe title=\"Learn Papiamento - Lesson #1 - Introducing Yourself\" width=\"1020\" height=\"765\" src=\"https:\/\/www.youtube.com\/embed\/yqX_Xrt8HSQ?feature=oembed\" frameborder=\"0\" allow=\"accelerometer; autoplay; clipboard-write; encrypted-media; gyroscope; picture-in-picture; web-share\" referrerpolicy=\"strict-origin-when-cross-origin\" allowfullscreen><\/iframe><\/p>\n<\/div>\n<p>Ingl\u00e9s = Papiamentu<\/p>\n<p>Bienvenido = Bon Bini<\/p>\n<p>Buenos d\u00edas = Bon dia<\/p>\n<p>Buenas tardes = Bon tardi<\/p>\n<p>Buenas noches = Bon nochi<\/p>\n<p>Semana buena = Bon siman (el domingo y el lunes)<\/p>\n<p>Feliz fin de semana = Bon wikent<\/p>\n<p>Adi\u00f3s = Ayo<\/p>\n<p>Hasta la pr\u00f3xima = Te otro bia<\/p>\n<p>Adi\u00f3s = Te akiratu<\/p>\n<p>Adi\u00f3s = Te awero<\/p>\n<p>Hasta ma\u00f1ana = Te ma\u00f1an<\/p>\n<div class=\"row align-middle align-center\"  id=\"row-652592885\">\n\n\n\t<div id=\"col-1685114039\" class=\"col medium-12 small-12 large-12\"  >\n\t\t\t\t<div class=\"col-inner\" style=\"background-color:rgb(242, 242, 242);\" >\n\t\t\t\n\t\t\t\n\n<div class=\"row row-collapse align-middle\"  id=\"row-1042096455\">\n\n\n\t<div id=\"col-1045038639\" class=\"col medium-12 small-12 large-6 medium-col-first\"  >\n\t\t\t\t<div class=\"col-inner text-center\"  >\n\t\t\t\n\t\t\t\n\n\t<div class=\"img has-hover x md-x lg-x y md-y lg-y\" id=\"image_1068714292\">\n\t\t\t\t\t\t\t\t<div class=\"img-inner image-cover dark\" style=\"padding-top:100%;\">\n\t\t\t<img decoding=\"async\" width=\"1075\" height=\"650\" src=\"https:\/\/kurabotanica.com\/wp-content\/uploads\/2025\/04\/Carousel-Kura-Botanica-2.webp\" class=\"attachment-original size-original\" alt=\"\" srcset=\"https:\/\/kurabotanica.com\/wp-content\/uploads\/2025\/04\/Carousel-Kura-Botanica-2.webp 1075w, https:\/\/kurabotanica.com\/wp-content\/uploads\/2025\/04\/Carousel-Kura-Botanica-2-662x400.webp 662w, https:\/\/kurabotanica.com\/wp-content\/uploads\/2025\/04\/Carousel-Kura-Botanica-2-768x464.webp 768w\" sizes=\"(max-width: 1075px) 100vw, 1075px\" \/>\t\t\t\t\t\t\n\t\t\t\t\t<\/div>\n\t\t\t\t\t\t\t\t\n<style>\n#image_1068714292 {\n  width: 100%;\n}\n@media (min-width:850px) {\n  #image_1068714292 {\n    width: 100%;\n  }\n}\n<\/style>\n\t<\/div>\n\t\n\n\n\t\t<\/div>\n\t\t\t\t\t<\/div>\n\n\t\n\n\t<div id=\"col-1160059193\" class=\"col medium-12 small-12 large-6 small-col-first\"  >\n\t\t\t\t<div class=\"col-inner text-center\"  >\n\t\t\t\n\t\t\t\n\n\t<div id=\"text-3635343086\" class=\"text\">\n\t\t\n\n<h3>Experimente la esencia de Cura\u00e7ao en Kura Botanica<\/h3>\n\t\t\n<style>\n#text-3635343086 {\n  font-size: 1.65rem;\n  line-height: 1.4;\n}\n@media (min-width:550px) {\n  #text-3635343086 {\n    font-size: 1.5rem;\n  }\n}\n<\/style>\n\t<\/div>\n\t\n\t<div id=\"text-344511254\" class=\"text\">\n\t\t\n\n<p>Repartida en un \u00e1rea de ocho manzanas, esta propiedad ofrece una experiencia de lujo \u00fanica en un refugio bot\u00e1nico y tranquilo, que ofrece total privacidad e intimidad.<\/p>\n\t\t\n<style>\n#text-344511254 {\n  font-size: 1rem;\n}\n<\/style>\n\t<\/div>\n\t\n\t<div id=\"gap-1706621540\" class=\"gap-element clearfix\" style=\"display:block; height:auto;\">\n\t\t\n<style>\n#gap-1706621540 {\n  padding-top: 10px;\n}\n<\/style>\n\t<\/div>\n\t\n\n<button data-clock-pms-wbe-button=\"\" class=\"button primary expand\" rel=\"noopener\" style=\"border-radius:99px;padding:0px 0px 0px 20px; font-family:'New Spirit',sans-serif;\">\n<span>Consultar disponibilidad<\/span><\/button>\n\n\n\t\t<\/div>\n\t\t\t\t\n<style>\n#col-1160059193 > .col-inner {\n  padding: 20px 7% 20px 7%;\n  margin: 0px 0px 0px 0px;\n}\n@media (min-width:550px) {\n  #col-1160059193 > .col-inner {\n    padding: 40px 10% 40px 10%;\n  }\n}\n@media (min-width:850px) {\n  #col-1160059193 > .col-inner {\n    padding: 30px 10% 30px 10%;\n  }\n}\n<\/style>\n\t<\/div>\n\n\t\n\n<\/div>\n\n\t\t<\/div>\n\t\t\t\t\t<\/div>\n\n\t\n\n\n<style>\n#row-652592885 > .col > .col-inner {\n  background-color: rgba(191, 154, 120, 0.2);\n}\n<\/style>\n<\/div>\n","protected":false},"excerpt":{"rendered":"<p>En Curacao est\u00e1n representadas m\u00e1s de 50 nacionalidades diferentes, cada una con sus propias costumbres y tradiciones. Aunque el papiamento, el neerland\u00e9s y el ingl\u00e9s est\u00e1n reconocidos como lenguas oficiales, es posible que tambi\u00e9n oiga espa\u00f1ol o alguna de las muchas otras lenguas locales. Personas de todo el mundo han llegado a Curacao a lo [&#8230;]\n","protected":false},"author":2,"featured_media":568,"comment_status":"closed","ping_status":"closed","sticky":false,"template":"","format":"standard","meta":{"footnotes":""},"categories":[20],"tags":[],"class_list":["post-1311","post","type-post","status-publish","format-standard","has-post-thumbnail","hentry","category-curacao-es"],"_links":{"self":[{"href":"https:\/\/kurabotanica.com\/es\/wp-json\/wp\/v2\/posts\/1311","targetHints":{"allow":["GET"]}}],"collection":[{"href":"https:\/\/kurabotanica.com\/es\/wp-json\/wp\/v2\/posts"}],"about":[{"href":"https:\/\/kurabotanica.com\/es\/wp-json\/wp\/v2\/types\/post"}],"author":[{"embeddable":true,"href":"https:\/\/kurabotanica.com\/es\/wp-json\/wp\/v2\/users\/2"}],"replies":[{"embeddable":true,"href":"https:\/\/kurabotanica.com\/es\/wp-json\/wp\/v2\/comments?post=1311"}],"version-history":[{"count":0,"href":"https:\/\/kurabotanica.com\/es\/wp-json\/wp\/v2\/posts\/1311\/revisions"}],"wp:featuredmedia":[{"embeddable":true,"href":"https:\/\/kurabotanica.com\/es\/wp-json\/wp\/v2\/media\/568"}],"wp:attachment":[{"href":"https:\/\/kurabotanica.com\/es\/wp-json\/wp\/v2\/media?parent=1311"}],"wp:term":[{"taxonomy":"category","embeddable":true,"href":"https:\/\/kurabotanica.com\/es\/wp-json\/wp\/v2\/categories?post=1311"},{"taxonomy":"post_tag","embeddable":true,"href":"https:\/\/kurabotanica.com\/es\/wp-json\/wp\/v2\/tags?post=1311"}],"curies":[{"name":"wp","href":"https:\/\/api.w.org\/{rel}","templated":true}]}}